{"id":465,"date":"2019-08-19T12:50:18","date_gmt":"2019-08-19T15:50:18","guid":{"rendered":"http:\/\/www.cs360.com.ar\/inicio\/?p=465"},"modified":"2019-08-19T12:50:18","modified_gmt":"2019-08-19T15:50:18","slug":"como-impacta-la-campana-electoral-en-los-mas-jovenes","status":"publish","type":"post","link":"https:\/\/www.cs360.com.ar\/inicio\/2019\/08\/como-impacta-la-campana-electoral-en-los-mas-jovenes\/","title":{"rendered":"\u00bfC\u00f3mo impacta la campa\u00f1a electoral en los m\u00e1s j\u00f3venes?"},"content":{"rendered":"<h3>Seg\u00fan un estudio realizado para la Asociaci\u00f3n Argentina de Publicidad, la propaganda pol\u00edtica presenta una tendencia a generar desagrado y hast\u00edo en la poblaci\u00f3n en general, pero encuentra un nuevo p\u00fablico interesado entre los centennials.<\/h3>\n<p>Mientras que la mitad de los encuestados califica a la comunicaci\u00f3n electoral como \u201cmuy invasiva\u201d, millennials y centennials son m\u00e1s tolerantes y receptivos. Los atributos negativos superan a los positivos, resaltando la falta de credibilidad y cercan\u00eda, la distorsi\u00f3n de la realidad y la ausencia de propuestas claras. El 77% de los encuestados asegur\u00f3 no sentirse representado.<\/p>\n<blockquote><p>Entre los puntos positivos, se destaca la claridad del mensaje. En menor medida, creatividad e informaci\u00f3n relevante.<\/p><\/blockquote>\n<p>En cuanto a los medios de difusi\u00f3n e impacto, la televisi\u00f3n contin\u00faa siendo la principal fuente de consumo de pauta pol\u00edtica, pero las redes sociales ocupan un lugar predominante entre los j\u00f3venes.<\/p>\n<p>ALGUNAS CIFRAS DEL MUESTREO:<\/p>\n<p><strong>\u00bfLe gustan las propagandas relacionadas con la campa\u00f1a electoral?*<\/strong><\/p>\n<p><img loading=\"lazy\" decoding=\"async\" class=\"alignnone size-large\" src=\"https:\/\/www.tagmas.com\/publicidad-rosario\/wp-content\/uploads\/2019\/08\/le-gustan.png\" width=\"880\" height=\"421\" \/><\/p>\n<p><strong>\u00bfD\u00f3nde presta atenci\u00f3n a la propaganda pol\u00edtica?*<\/strong><\/p>\n<p><img loading=\"lazy\" decoding=\"async\" class=\"alignnone size-large\" src=\"https:\/\/www.tagmas.com\/publicidad-rosario\/wp-content\/uploads\/2019\/08\/donde-politica.png\" width=\"883\" height=\"403\" \/><\/p>\n<p><strong><em>Sin dudas el dato m\u00e1s destacable de este estudio es la incorporaci\u00f3n del p\u00fablico centennial al universo de electores, con una gran inclinaci\u00f3n por los asuntos pol\u00edticos y ciudadanos.\u00a0<\/em><\/strong><\/p>\n<p><strong>*Fuente:<\/strong>\u00a0Consultoras D\u00b4Alessio Irol y Berensztein<\/p>\n<pre>Fuente:<a href=\"https:\/\/www.tagmas.com\/publicidad-rosario\/como-impacta-la-campana-electoral-en-los-mas-jovenes\/\" target=\"_blank\"> https:\/\/www.tagmas.com\/publicidad-rosario\/como-impacta-la-campana-electoral-en-los-mas-jovenes\/ <\/a><\/pre>","protected":false},"excerpt":{"rendered":"<p>Seg\u00fan un estudio realizado para la Asociaci\u00f3n Argentina de Publicidad, la propaganda pol\u00edtica presenta una tendencia a generar desagrado y hast\u00edo en la poblaci\u00f3n en general, pero encuentra un nuevo p\u00fablico interesado entre los centennials. Mientras que la mitad de los encuestados califica a la comunicaci\u00f3n electoral como \u201cmuy invasiva\u201d, millennials y centennials son m\u00e1s [&hellip;]<\/p>\n","protected":false},"author":1,"featured_media":466,"comment_status":"open","ping_status":"open","sticky":false,"template":"","format":"standard","meta":{"_acf_changed":false,"_monsterinsights_skip_tracking":false,"_monsterinsights_sitenote_active":false,"_monsterinsights_sitenote_note":"","_monsterinsights_sitenote_category":0,"footnotes":""},"categories":[4],"tags":[140,141,24,135,138,142,139,143,136,137,144],"class_list":["post-465","post","type-post","status-publish","format-standard","has-post-thumbnail","hentry","category-politica","tag-asociacion-argentina-de-publicidad","tag-centennials","tag-elecciones","tag-elecciones-2019","tag-elecciones-presidenciales","tag-encuesta","tag-jovenes","tag-millennials","tag-paso-argentina","tag-presidente","tag-propaganda-politica"],"acf":[],"_links":{"self":[{"href":"https:\/\/www.cs360.com.ar\/inicio\/wp-json\/wp\/v2\/posts\/465","targetHints":{"allow":["GET"]}}],"collection":[{"href":"https:\/\/www.cs360.com.ar\/inicio\/wp-json\/wp\/v2\/posts"}],"about":[{"href":"https:\/\/www.cs360.com.ar\/inicio\/wp-json\/wp\/v2\/types\/post"}],"author":[{"embeddable":true,"href":"https:\/\/www.cs360.com.ar\/inicio\/wp-json\/wp\/v2\/users\/1"}],"replies":[{"embeddable":true,"href":"https:\/\/www.cs360.com.ar\/inicio\/wp-json\/wp\/v2\/comments?post=465"}],"version-history":[{"count":2,"href":"https:\/\/www.cs360.com.ar\/inicio\/wp-json\/wp\/v2\/posts\/465\/revisions"}],"predecessor-version":[{"id":610,"href":"https:\/\/www.cs360.com.ar\/inicio\/wp-json\/wp\/v2\/posts\/465\/revisions\/610"}],"wp:featuredmedia":[{"embeddable":true,"href":"https:\/\/www.cs360.com.ar\/inicio\/wp-json\/wp\/v2\/media\/466"}],"wp:attachment":[{"href":"https:\/\/www.cs360.com.ar\/inicio\/wp-json\/wp\/v2\/media?parent=465"}],"wp:term":[{"taxonomy":"category","embeddable":true,"href":"https:\/\/www.cs360.com.ar\/inicio\/wp-json\/wp\/v2\/categories?post=465"},{"taxonomy":"post_tag","embeddable":true,"href":"https:\/\/www.cs360.com.ar\/inicio\/wp-json\/wp\/v2\/tags?post=465"}],"curies":[{"name":"wp","href":"https:\/\/api.w.org\/{rel}","templated":true}]}}